{"id":270,"date":"2020-06-07T10:00:41","date_gmt":"2020-06-07T10:00:41","guid":{"rendered":"http:\/\/hig-brandenburg-anhalt.de\/?p=270"},"modified":"2020-06-07T10:00:41","modified_gmt":"2020-06-07T10:00:41","slug":"stutbuchaufnahmen-in-krumke-und-wegeleben","status":"publish","type":"post","link":"http:\/\/hig-brandenburg-anhalt.de\/?p=270","title":{"rendered":"Stutbuchaufnahmen in Krumke und Wegeleben"},"content":{"rendered":"\n<p>Am 22. Mai fand bereits die erste Stutbuchaufnahme f\u00fcr Haflinger- und Edelbluthaflingerstuten statt. Insgesamt machten sich drei Z\u00fcchter aus unserer Interessengemeinschaft an diesem Tag auf den Weg nach Krumke, um die Staatspr\u00e4mienanw\u00e4rterschaft zu erlangen.<br> Mit der Endnote 7,7 setzte sich Gina vom Stolzenberg M- Woodland von Hartwig Horsch aus Kremkau an die Spitze, gefolgt von Hosita vom Sternstunde aus einer Mutter vom Monday von Hans- Dieter Schulz aus Sch\u00f6nberg (Gesamtnote 7,6). Des Weiteren stellte sich die Natiello-Tochter Maira von Eberhard Andert aus Klein Schwechten der Kommission und erreichte eine Gesamtnote von 7,1.<\/p>\n\n\n\n<p> Bei der Stutbucheintragung in Wegeleben auf dem Hof der Familie Kramer gingen vier Haflinger- und Edelbluthaflingerstuten an den Start. <br> An erster Stelle platzierte sich bei den Edelbluthaflingerstuten die Adoro-Tochter Neele G mit einer Gesamtnote von 8,1 gefolgt von Mila G, eine Sherlock Holmes C-Tochter mit 7,9 Punkten. Beide Stuten wurden von Sven und Rainer Generotzky aus Herford ausgestellt. Platz 3 belegte in dieser Klasse die Natiello-Tochter Mia. Sie erhielt eine Gesamtnote von 7,8 ( Z\u00fcchter und Besitzer: ZG Lisa und Sophie Wachtel, Estedt).<br> In der Klasse der Haflingerstuten erhielt ebenfalls eine Natiello-Tochter aus der Mathilda vom Ahnenstolz die Staatspr\u00e4mienanw\u00e4rterschaft mit 8,0 Punkten (Aussteller: Wachtel GbR, Estedt).<\/p>\n\n\n\n<p> Wir gratulieren allen Z\u00fcchtern und Besitzern zu diesen tollen Ergebnissen! Ein gro\u00dfer Dank gilt auch wieder den Veranstaltern, die ihre Anlagen trotz der erh\u00f6hten Auflagen und derzeitigen Umst\u00e4nde zur Verf\u00fcgung gestellt haben.<\/p>\n\n\n\n<p> (Fotos: Julia Kramer, Wegeleben)<\/p>\n\n\n\n<figure class=\"wp-block-image size-large\"><img loading=\"lazy\" decoding=\"async\" width=\"960\" height=\"721\" src=\"http:\/\/hig-brandenburg-anhalt.de\/wp-content\/uploads\/2020\/06\/Neele-G.jpg\" alt=\"\" class=\"wp-image-271\" srcset=\"http:\/\/hig-brandenburg-anhalt.de\/wp-content\/uploads\/2020\/06\/Neele-G.jpg 960w, http:\/\/hig-brandenburg-anhalt.de\/wp-content\/uploads\/2020\/06\/Neele-G-300x225.jpg 300w, http:\/\/hig-brandenburg-anhalt.de\/wp-content\/uploads\/2020\/06\/Neele-G-768x577.jpg 768w\" sizes=\"auto, (max-width: 960px) 100vw, 960px\" \/><figcaption>Neele G von Adoro-Aaron B (Gesamtnote 8,1)<\/figcaption><\/figure>\n\n\n\n<figure class=\"wp-block-image size-large\"><img loading=\"lazy\" decoding=\"async\" width=\"960\" height=\"806\" src=\"http:\/\/hig-brandenburg-anhalt.de\/wp-content\/uploads\/2020\/06\/Mila-G.jpg\" alt=\"\" class=\"wp-image-272\" srcset=\"http:\/\/hig-brandenburg-anhalt.de\/wp-content\/uploads\/2020\/06\/Mila-G.jpg 960w, http:\/\/hig-brandenburg-anhalt.de\/wp-content\/uploads\/2020\/06\/Mila-G-300x252.jpg 300w, http:\/\/hig-brandenburg-anhalt.de\/wp-content\/uploads\/2020\/06\/Mila-G-768x645.jpg 768w\" sizes=\"auto, (max-width: 960px) 100vw, 960px\" \/><figcaption>Mila G vom Sherlock Holmes C- Sonnenk\u00f6nig C (Gesamtnote 7,9)<\/figcaption><\/figure>\n\n\n\n<figure class=\"wp-block-image size-large\"><img loading=\"lazy\" decoding=\"async\" width=\"960\" height=\"640\" src=\"http:\/\/hig-brandenburg-anhalt.de\/wp-content\/uploads\/2020\/06\/Mette-.jpg\" alt=\"\" class=\"wp-image-273\" srcset=\"http:\/\/hig-brandenburg-anhalt.de\/wp-content\/uploads\/2020\/06\/Mette-.jpg 960w, http:\/\/hig-brandenburg-anhalt.de\/wp-content\/uploads\/2020\/06\/Mette--300x200.jpg 300w, http:\/\/hig-brandenburg-anhalt.de\/wp-content\/uploads\/2020\/06\/Mette--768x512.jpg 768w\" sizes=\"auto, (max-width: 960px) 100vw, 960px\" \/><figcaption>Mette vom Natiello- Ahnenstolz (Gesamtnote 8,0)<\/figcaption><\/figure>\n","protected":false},"excerpt":{"rendered":"<p>Am 22. Mai fand bereits die erste Stutbuchaufnahme f\u00fcr Haflinger- und Edelbluthaflingerstuten statt. Insgesamt machten sich drei Z\u00fcchter aus unserer Interessengemeinschaft an diesem Tag auf den Weg nach Krumke, um die Staatspr\u00e4mienanw\u00e4rterschaft zu erlangen. Mit der Endnote 7,7 setzte sich Gina vom Stolzenberg M- Woodland von Hartwig Horsch aus Kremkau an die Spitze, gefolgt von [&hellip;]<\/p>\n","protected":false},"author":1,"featured_media":0,"comment_status":"open","ping_status":"open","sticky":false,"template":"","format":"standard","meta":{"footnotes":""},"categories":[1],"tags":[],"class_list":["post-270","post","type-post","status-publish","format-standard","hentry","category-aktuelles"],"_links":{"self":[{"href":"http:\/\/hig-brandenburg-anhalt.de\/index.php?rest_route=\/wp\/v2\/posts\/270","targetHints":{"allow":["GET"]}}],"collection":[{"href":"http:\/\/hig-brandenburg-anhalt.de\/index.php?rest_route=\/wp\/v2\/posts"}],"about":[{"href":"http:\/\/hig-brandenburg-anhalt.de\/index.php?rest_route=\/wp\/v2\/types\/post"}],"author":[{"embeddable":true,"href":"http:\/\/hig-brandenburg-anhalt.de\/index.php?rest_route=\/wp\/v2\/users\/1"}],"replies":[{"embeddable":true,"href":"http:\/\/hig-brandenburg-anhalt.de\/index.php?rest_route=%2Fwp%2Fv2%2Fcomments&post=270"}],"version-history":[{"count":1,"href":"http:\/\/hig-brandenburg-anhalt.de\/index.php?rest_route=\/wp\/v2\/posts\/270\/revisions"}],"predecessor-version":[{"id":274,"href":"http:\/\/hig-brandenburg-anhalt.de\/index.php?rest_route=\/wp\/v2\/posts\/270\/revisions\/274"}],"wp:attachment":[{"href":"http:\/\/hig-brandenburg-anhalt.de\/index.php?rest_route=%2Fwp%2Fv2%2Fmedia&parent=270"}],"wp:term":[{"taxonomy":"category","embeddable":true,"href":"http:\/\/hig-brandenburg-anhalt.de\/index.php?rest_route=%2Fwp%2Fv2%2Fcategories&post=270"},{"taxonomy":"post_tag","embeddable":true,"href":"http:\/\/hig-brandenburg-anhalt.de\/index.php?rest_route=%2Fwp%2Fv2%2Ftags&post=270"}],"curies":[{"name":"wp","href":"https:\/\/api.w.org\/{rel}","templated":true}]}}