{"id":238,"date":"2020-03-05T13:11:27","date_gmt":"2020-03-05T13:11:27","guid":{"rendered":"http:\/\/hig-brandenburg-anhalt.de\/?p=238"},"modified":"2020-03-05T13:11:27","modified_gmt":"2020-03-05T13:11:27","slug":"jahreshauptversammlung-in-wolmirstedt","status":"publish","type":"post","link":"http:\/\/hig-brandenburg-anhalt.de\/?p=238","title":{"rendered":"Jahreshauptversammlung in Wolmirstedt"},"content":{"rendered":"\n<p>Am 29.02.20 fand die diesj\u00e4hrige Jahreshauptversammlung unseres Vereins in Wolmirstedt statt. <br>Nach einer kurzen Begr\u00fc\u00dfung aller Anwesenden durch den Vorsitzenden, Michael Kersten, lie\u00df dieser das Zuchtjahr 2019 Revue passieren. Anschlie\u00dfend gab Antje Lembke, neue Zuchtleiterin des Pferdezuchtverbandes Brandenburg-Anhalt, einen Jahresr\u00fcckblick \u00fcber die z\u00fcchterischen sowie sportlichen Erfolge und Entwicklungen des Jahres 2019.<br>Ebenso gab es auch in diesem Jahr wieder eine Reihe von Z\u00fcchterehrungen: so wurden die ZG Generotzky, Matthias Woitek, Michael Kersten, die ZG Wachtel und Wilfried Keutel f\u00fcr ihre Staatspr\u00e4mienstuten geehrt, die Zuchtgemeinschaft Hackfurth\/Weiser f\u00fcr ihre z\u00fcchterischen sowie Erfolge im Fahrsport und Walter Heuer, der mit seinem Gespann unseren Verein wieder sehr erfolgreich auf nationaler Ebene im Gespannpfl\u00fcgen vertrat.<br>Die Fr\u00fchjahrsausfahrt der Haflinger- und Edelbluthaflinger-Interessengemeinschaft Brandenburg-Anhalt findet in diesem Jahr am 26.04.2020 in Samswegen in der Magdeburger B\u00f6rde statt, wozu wieder alle Mitglieder und Haflingerfreunde recht herzlich eingeladen sind. <br>Der 27. Haflingertag wird im Rahmen der Altmarkschau am 20.06.2020 in Krumke ausgetragen (Ausschreibungen folgen).<\/p>\n\n\n\n<figure class=\"wp-block-image size-large\"><img loading=\"lazy\" decoding=\"async\" width=\"1024\" height=\"768\" src=\"http:\/\/hig-brandenburg-anhalt.de\/wp-content\/uploads\/2020\/03\/IMG-20200229-WA0009.jpg\" alt=\"\" class=\"wp-image-239\" srcset=\"http:\/\/hig-brandenburg-anhalt.de\/wp-content\/uploads\/2020\/03\/IMG-20200229-WA0009.jpg 1024w, http:\/\/hig-brandenburg-anhalt.de\/wp-content\/uploads\/2020\/03\/IMG-20200229-WA0009-300x225.jpg 300w, http:\/\/hig-brandenburg-anhalt.de\/wp-content\/uploads\/2020\/03\/IMG-20200229-WA0009-768x576.jpg 768w\" sizes=\"auto, (max-width: 1024px) 100vw, 1024px\" \/><\/figure>\n\n\n\n<p><\/p>\n\n\n\n<figure class=\"wp-block-gallery columns-0 is-cropped wp-block-gallery-1 is-layout-flex wp-block-gallery-is-layout-flex\"><ul class=\"blocks-gallery-grid\"><\/ul><\/figure>\n","protected":false},"excerpt":{"rendered":"<p>Am 29.02.20 fand die diesj\u00e4hrige Jahreshauptversammlung unseres Vereins in Wolmirstedt statt. Nach einer kurzen Begr\u00fc\u00dfung aller Anwesenden durch den Vorsitzenden, Michael Kersten, lie\u00df dieser das Zuchtjahr 2019 Revue passieren. Anschlie\u00dfend gab Antje Lembke, neue Zuchtleiterin des Pferdezuchtverbandes Brandenburg-Anhalt, einen Jahresr\u00fcckblick \u00fcber die z\u00fcchterischen sowie sportlichen Erfolge und Entwicklungen des Jahres 2019.Ebenso gab es auch in [&hellip;]<\/p>\n","protected":false},"author":1,"featured_media":0,"comment_status":"open","ping_status":"open","sticky":false,"template":"","format":"standard","meta":{"footnotes":""},"categories":[1],"tags":[],"class_list":["post-238","post","type-post","status-publish","format-standard","hentry","category-aktuelles"],"_links":{"self":[{"href":"http:\/\/hig-brandenburg-anhalt.de\/index.php?rest_route=\/wp\/v2\/posts\/238","targetHints":{"allow":["GET"]}}],"collection":[{"href":"http:\/\/hig-brandenburg-anhalt.de\/index.php?rest_route=\/wp\/v2\/posts"}],"about":[{"href":"http:\/\/hig-brandenburg-anhalt.de\/index.php?rest_route=\/wp\/v2\/types\/post"}],"author":[{"embeddable":true,"href":"http:\/\/hig-brandenburg-anhalt.de\/index.php?rest_route=\/wp\/v2\/users\/1"}],"replies":[{"embeddable":true,"href":"http:\/\/hig-brandenburg-anhalt.de\/index.php?rest_route=%2Fwp%2Fv2%2Fcomments&post=238"}],"version-history":[{"count":2,"href":"http:\/\/hig-brandenburg-anhalt.de\/index.php?rest_route=\/wp\/v2\/posts\/238\/revisions"}],"predecessor-version":[{"id":241,"href":"http:\/\/hig-brandenburg-anhalt.de\/index.php?rest_route=\/wp\/v2\/posts\/238\/revisions\/241"}],"wp:attachment":[{"href":"http:\/\/hig-brandenburg-anhalt.de\/index.php?rest_route=%2Fwp%2Fv2%2Fmedia&parent=238"}],"wp:term":[{"taxonomy":"category","embeddable":true,"href":"http:\/\/hig-brandenburg-anhalt.de\/index.php?rest_route=%2Fwp%2Fv2%2Fcategories&post=238"},{"taxonomy":"post_tag","embeddable":true,"href":"http:\/\/hig-brandenburg-anhalt.de\/index.php?rest_route=%2Fwp%2Fv2%2Ftags&post=238"}],"curies":[{"name":"wp","href":"https:\/\/api.w.org\/{rel}","templated":true}]}}